{"id":799,"date":"2024-06-24T18:53:38","date_gmt":"2024-06-24T16:53:38","guid":{"rendered":"http:\/\/herbanordpol.pl\/?p=799"},"modified":"2024-12-11T16:53:12","modified_gmt":"2024-12-11T15:53:12","slug":"brasilianischer-yerba-mate-paraguayische-zitronenverna-krautertee","status":"publish","type":"post","link":"https:\/\/herbanordpol.pl\/de\/blog\/2024\/06\/24\/brasilianischer-yerba-mate-paraguayische-zitronenverna-krautertee\/","title":{"rendered":"Brasilianischer Yerba Mate + paraguayische Zitronenverna (Kr\u00e4utertee)"},"content":{"rendered":"\n<p class=\"wp-block-paragraph\">Lateinischer Namen: <em>Ilex paraguariensis<\/em>, <em>Aloysia citrodora<\/em><\/p>\n\n\n\n<p class=\"wp-block-paragraph\">Produkt: Yerba-Mate-Blatt (<em>Mate herba<\/em>) Despalada \u2013 50 % und Zitronenverna (<em>Aloysia folium<\/em>) \u2013 50 %, zur Zubereitung von Tee (Aufguss)<\/p>\n\n\n\n<p class=\"wp-block-paragraph\">Herkunftsland: Brasilien\/Paraguay<\/p>\n\n\n\n<p class=\"wp-block-paragraph\">Produktionsland: Polen<\/p>\n\n\n\n<div class=\"wp-block-columns is-layout-flex wp-container-core-columns-is-layout-8f761849 wp-block-columns-is-layout-flex\">\n<div class=\"wp-block-column is-layout-flow wp-block-column-is-layout-flow\" style=\"flex-basis:33.33%\">\n<figure class=\"wp-block-image size-full is-resized\"><img loading=\"lazy\" decoding=\"async\" width=\"500\" height=\"384\" src=\"http:\/\/herbanordpol.pl\/wp-content\/uploads\/2024\/06\/mieszanka-ziolowa-yerba-mate-z-werbena-cytrynowa.jpg\" alt=\"Yerba mate, Ilex paraguariensis, Zitronenverna ,blatt in der packung\" class=\"wp-image-1245\" style=\"width:362px;height:auto\" srcset=\"https:\/\/herbanordpol.pl\/de\/wp-content\/uploads\/sites\/3\/2024\/06\/mieszanka-ziolowa-yerba-mate-z-werbena-cytrynowa.jpg 500w, https:\/\/herbanordpol.pl\/de\/wp-content\/uploads\/sites\/3\/2024\/06\/mieszanka-ziolowa-yerba-mate-z-werbena-cytrynowa-300x230.jpg 300w\" sizes=\"auto, (max-width: 500px) 85vw, 500px\" \/><\/figure>\n<\/div>\n\n\n\n<div class=\"wp-block-column is-layout-flow wp-block-column-is-layout-flow\" style=\"flex-basis:66.66%\">\n<figure class=\"wp-block-image size-full is-resized\"><img loading=\"lazy\" decoding=\"async\" width=\"500\" height=\"476\" src=\"http:\/\/herbanordpol.pl\/wp-content\/uploads\/2024\/06\/mate-cytrynowa.jpg\" alt=\"Yerba mate, Ilex paraguariensis, Zitronenverna ,blatt in einer Sch\u00fcssel\" class=\"wp-image-1246\" style=\"width:379px;height:auto\" srcset=\"https:\/\/herbanordpol.pl\/de\/wp-content\/uploads\/sites\/3\/2024\/06\/mate-cytrynowa.jpg 500w, https:\/\/herbanordpol.pl\/de\/wp-content\/uploads\/sites\/3\/2024\/06\/mate-cytrynowa-300x286.jpg 300w\" sizes=\"auto, (max-width: 500px) 85vw, 500px\" \/><\/figure>\n<\/div>\n<\/div>\n","protected":false},"excerpt":{"rendered":"<p>Lateinischer Namen: Ilex paraguariensis, Aloysia citrodora Produkt: Yerba-Mate-Blatt (Mate herba) Despalada \u2013 50 % und Zitronenverna (Aloysia folium) \u2013 50 %, zur Zubereitung von Tee (Aufguss) Herkunftsland: Brasilien\/Paraguay Produktionsland: Polen<\/p>\n","protected":false},"author":2,"featured_media":1245,"comment_status":"closed","ping_status":"closed","sticky":false,"template":"","format":"standard","meta":{"footnotes":""},"categories":[7],"tags":[265,240,19,270,202,238,271],"class_list":["post-799","post","type-post","status-publish","format-standard","has-post-thumbnail","hentry","category-ziola-paczkowane","tag-brazylijska-yerba-mate","tag-cytrusowy-aromat","tag-herbatka-ziolowa","tag-paragwajska-werbena-cytrynowa","tag-produkt-naturalny","tag-wsparcie-koncentracji","tag-yerba-mate-z-werbena"],"yoast_head":"<!-- This site is optimized with the Yoast SEO plugin v28.4 - https:\/\/yoast.com\/product\/yoast-seo-wordpress\/ -->\n<title>Brasilianischer Yerba Mate + paraguayische Zitronenverna (Kr\u00e4utertee) - Herbanordpol<\/title>\n<meta name=\"robots\" content=\"index, follow, max-snippet:-1, max-image-preview:large, max-video-preview:-1\" \/>\n<link rel=\"canonical\" href=\"https:\/\/herbanordpol.pl\/de\/blog\/2024\/06\/24\/brasilianischer-yerba-mate-paraguayische-zitronenverna-krautertee\/\" \/>\n<meta property=\"og:locale\" content=\"de_DE\" \/>\n<meta property=\"og:type\" content=\"article\" \/>\n<meta property=\"og:title\" content=\"Brasilianischer Yerba Mate + paraguayische Zitronenverna (Kr\u00e4utertee) - Herbanordpol\" \/>\n<meta property=\"og:description\" content=\"Lateinischer Namen: Ilex paraguariensis, Aloysia citrodora Produkt: Yerba-Mate-Blatt (Mate herba) Despalada \u2013 50 % und Zitronenverna (Aloysia folium) \u2013 50 %, zur Zubereitung von Tee (Aufguss) Herkunftsland: Brasilien\/Paraguay Produktionsland: Polen\" \/>\n<meta property=\"og:url\" content=\"https:\/\/herbanordpol.pl\/de\/blog\/2024\/06\/24\/brasilianischer-yerba-mate-paraguayische-zitronenverna-krautertee\/\" \/>\n<meta property=\"og:site_name\" content=\"Herbanordpol\" \/>\n<meta property=\"article:published_time\" content=\"2024-06-24T16:53:38+00:00\" \/>\n<meta property=\"article:modified_time\" content=\"2024-12-11T15:53:12+00:00\" \/>\n<meta property=\"og:image\" content=\"https:\/\/herbanordpol.pl\/de\/wp-content\/uploads\/sites\/3\/2024\/06\/mieszanka-ziolowa-yerba-mate-z-werbena-cytrynowa.jpg\" \/>\n\t<meta property=\"og:image:width\" content=\"500\" \/>\n\t<meta property=\"og:image:height\" content=\"384\" \/>\n\t<meta property=\"og:image:type\" content=\"image\/jpeg\" \/>\n<meta name=\"author\" content=\"Tomasz Andrzejewski\" \/>\n<meta name=\"twitter:card\" content=\"summary_large_image\" \/>\n<meta name=\"twitter:label1\" content=\"Verfasst von\" \/>\n\t<meta name=\"twitter:data1\" content=\"Tomasz Andrzejewski\" \/>\n<script type=\"application\/ld+json\" class=\"yoast-schema-graph\">{\"@context\":\"https:\\\/\\\/schema.org\",\"@graph\":[{\"@type\":\"Article\",\"@id\":\"https:\\\/\\\/herbanordpol.pl\\\/de\\\/blog\\\/2024\\\/06\\\/24\\\/brasilianischer-yerba-mate-paraguayische-zitronenverna-krautertee\\\/#article\",\"isPartOf\":{\"@id\":\"https:\\\/\\\/herbanordpol.pl\\\/de\\\/blog\\\/2024\\\/06\\\/24\\\/brasilianischer-yerba-mate-paraguayische-zitronenverna-krautertee\\\/\"},\"author\":{\"name\":\"Tomasz Andrzejewski\",\"@id\":\"https:\\\/\\\/herbanordpol.pl\\\/de\\\/#\\\/schema\\\/person\\\/683efdb7ed01327eb8a9fb4fef3dc7fe\"},\"headline\":\"Brasilianischer Yerba Mate + paraguayische Zitronenverna (Kr\u00e4utertee)\",\"datePublished\":\"2024-06-24T16:53:38+00:00\",\"dateModified\":\"2024-12-11T15:53:12+00:00\",\"mainEntityOfPage\":{\"@id\":\"https:\\\/\\\/herbanordpol.pl\\\/de\\\/blog\\\/2024\\\/06\\\/24\\\/brasilianischer-yerba-mate-paraguayische-zitronenverna-krautertee\\\/\"},\"wordCount\":32,\"image\":{\"@id\":\"https:\\\/\\\/herbanordpol.pl\\\/de\\\/blog\\\/2024\\\/06\\\/24\\\/brasilianischer-yerba-mate-paraguayische-zitronenverna-krautertee\\\/#primaryimage\"},\"thumbnailUrl\":\"https:\\\/\\\/herbanordpol.pl\\\/de\\\/wp-content\\\/uploads\\\/sites\\\/3\\\/2024\\\/06\\\/mieszanka-ziolowa-yerba-mate-z-werbena-cytrynowa.jpg\",\"keywords\":[\"Brazylijska yerba mate\",\"Cytrusowy aromat\",\"Herbatka zio\u0142owa\",\"Paragwajska werbena cytrynowa\",\"Produkt naturalny\",\"Wsparcie koncentracji\",\"Yerba mate z werben\u0105\"],\"articleSection\":[\"Zio\u0142a paczkowane\"],\"inLanguage\":\"de\"},{\"@type\":\"WebPage\",\"@id\":\"https:\\\/\\\/herbanordpol.pl\\\/de\\\/blog\\\/2024\\\/06\\\/24\\\/brasilianischer-yerba-mate-paraguayische-zitronenverna-krautertee\\\/\",\"url\":\"https:\\\/\\\/herbanordpol.pl\\\/de\\\/blog\\\/2024\\\/06\\\/24\\\/brasilianischer-yerba-mate-paraguayische-zitronenverna-krautertee\\\/\",\"name\":\"Brasilianischer Yerba Mate + paraguayische Zitronenverna (Kr\u00e4utertee) - Herbanordpol\",\"isPartOf\":{\"@id\":\"https:\\\/\\\/herbanordpol.pl\\\/de\\\/#website\"},\"primaryImageOfPage\":{\"@id\":\"https:\\\/\\\/herbanordpol.pl\\\/de\\\/blog\\\/2024\\\/06\\\/24\\\/brasilianischer-yerba-mate-paraguayische-zitronenverna-krautertee\\\/#primaryimage\"},\"image\":{\"@id\":\"https:\\\/\\\/herbanordpol.pl\\\/de\\\/blog\\\/2024\\\/06\\\/24\\\/brasilianischer-yerba-mate-paraguayische-zitronenverna-krautertee\\\/#primaryimage\"},\"thumbnailUrl\":\"https:\\\/\\\/herbanordpol.pl\\\/de\\\/wp-content\\\/uploads\\\/sites\\\/3\\\/2024\\\/06\\\/mieszanka-ziolowa-yerba-mate-z-werbena-cytrynowa.jpg\",\"datePublished\":\"2024-06-24T16:53:38+00:00\",\"dateModified\":\"2024-12-11T15:53:12+00:00\",\"author\":{\"@id\":\"https:\\\/\\\/herbanordpol.pl\\\/de\\\/#\\\/schema\\\/person\\\/683efdb7ed01327eb8a9fb4fef3dc7fe\"},\"breadcrumb\":{\"@id\":\"https:\\\/\\\/herbanordpol.pl\\\/de\\\/blog\\\/2024\\\/06\\\/24\\\/brasilianischer-yerba-mate-paraguayische-zitronenverna-krautertee\\\/#breadcrumb\"},\"inLanguage\":\"de\",\"potentialAction\":[{\"@type\":\"ReadAction\",\"target\":[\"https:\\\/\\\/herbanordpol.pl\\\/de\\\/blog\\\/2024\\\/06\\\/24\\\/brasilianischer-yerba-mate-paraguayische-zitronenverna-krautertee\\\/\"]}]},{\"@type\":\"ImageObject\",\"inLanguage\":\"de\",\"@id\":\"https:\\\/\\\/herbanordpol.pl\\\/de\\\/blog\\\/2024\\\/06\\\/24\\\/brasilianischer-yerba-mate-paraguayische-zitronenverna-krautertee\\\/#primaryimage\",\"url\":\"https:\\\/\\\/herbanordpol.pl\\\/de\\\/wp-content\\\/uploads\\\/sites\\\/3\\\/2024\\\/06\\\/mieszanka-ziolowa-yerba-mate-z-werbena-cytrynowa.jpg\",\"contentUrl\":\"https:\\\/\\\/herbanordpol.pl\\\/de\\\/wp-content\\\/uploads\\\/sites\\\/3\\\/2024\\\/06\\\/mieszanka-ziolowa-yerba-mate-z-werbena-cytrynowa.jpg\",\"width\":500,\"height\":384},{\"@type\":\"BreadcrumbList\",\"@id\":\"https:\\\/\\\/herbanordpol.pl\\\/de\\\/blog\\\/2024\\\/06\\\/24\\\/brasilianischer-yerba-mate-paraguayische-zitronenverna-krautertee\\\/#breadcrumb\",\"itemListElement\":[{\"@type\":\"ListItem\",\"position\":1,\"name\":\"Strona g\u0142\u00f3wna\",\"item\":\"https:\\\/\\\/herbanordpol.pl\\\/de\\\/\"},{\"@type\":\"ListItem\",\"position\":2,\"name\":\"Brasilianischer Yerba Mate + paraguayische Zitronenverna (Kr\u00e4utertee)\"}]},{\"@type\":\"WebSite\",\"@id\":\"https:\\\/\\\/herbanordpol.pl\\\/de\\\/#website\",\"url\":\"https:\\\/\\\/herbanordpol.pl\\\/de\\\/\",\"name\":\"Herbanordpol\",\"description\":\"\",\"potentialAction\":[{\"@type\":\"SearchAction\",\"target\":{\"@type\":\"EntryPoint\",\"urlTemplate\":\"https:\\\/\\\/herbanordpol.pl\\\/de\\\/?s={search_term_string}\"},\"query-input\":{\"@type\":\"PropertyValueSpecification\",\"valueRequired\":true,\"valueName\":\"search_term_string\"}}],\"inLanguage\":\"de\"},{\"@type\":\"Person\",\"@id\":\"https:\\\/\\\/herbanordpol.pl\\\/de\\\/#\\\/schema\\\/person\\\/683efdb7ed01327eb8a9fb4fef3dc7fe\",\"name\":\"Tomasz Andrzejewski\",\"image\":{\"@type\":\"ImageObject\",\"inLanguage\":\"de\",\"@id\":\"https:\\\/\\\/secure.gravatar.com\\\/avatar\\\/201a6455fa03d7d2620f7a665167d23ea8490c0541c2b347217473422ffacd52?s=96&d=mm&r=g\",\"url\":\"https:\\\/\\\/secure.gravatar.com\\\/avatar\\\/201a6455fa03d7d2620f7a665167d23ea8490c0541c2b347217473422ffacd52?s=96&d=mm&r=g\",\"contentUrl\":\"https:\\\/\\\/secure.gravatar.com\\\/avatar\\\/201a6455fa03d7d2620f7a665167d23ea8490c0541c2b347217473422ffacd52?s=96&d=mm&r=g\",\"caption\":\"Tomasz Andrzejewski\"},\"url\":\"https:\\\/\\\/herbanordpol.pl\\\/de\\\/blog\\\/author\\\/tomasz\\\/\"}]}<\/script>\n<!-- \/ Yoast SEO plugin. -->","yoast_head_json":{"title":"Brasilianischer Yerba Mate + paraguayische Zitronenverna (Kr\u00e4utertee) - Herbanordpol","robots":{"index":"index","follow":"follow","max-snippet":"max-snippet:-1","max-image-preview":"max-image-preview:large","max-video-preview":"max-video-preview:-1"},"canonical":"https:\/\/herbanordpol.pl\/de\/blog\/2024\/06\/24\/brasilianischer-yerba-mate-paraguayische-zitronenverna-krautertee\/","og_locale":"de_DE","og_type":"article","og_title":"Brasilianischer Yerba Mate + paraguayische Zitronenverna (Kr\u00e4utertee) - Herbanordpol","og_description":"Lateinischer Namen: Ilex paraguariensis, Aloysia citrodora Produkt: Yerba-Mate-Blatt (Mate herba) Despalada \u2013 50 % und Zitronenverna (Aloysia folium) \u2013 50 %, zur Zubereitung von Tee (Aufguss) Herkunftsland: Brasilien\/Paraguay Produktionsland: Polen","og_url":"https:\/\/herbanordpol.pl\/de\/blog\/2024\/06\/24\/brasilianischer-yerba-mate-paraguayische-zitronenverna-krautertee\/","og_site_name":"Herbanordpol","article_published_time":"2024-06-24T16:53:38+00:00","article_modified_time":"2024-12-11T15:53:12+00:00","og_image":[{"width":500,"height":384,"url":"https:\/\/herbanordpol.pl\/de\/wp-content\/uploads\/sites\/3\/2024\/06\/mieszanka-ziolowa-yerba-mate-z-werbena-cytrynowa.jpg","type":"image\/jpeg"}],"author":"Tomasz Andrzejewski","twitter_card":"summary_large_image","twitter_misc":{"Verfasst von":"Tomasz Andrzejewski"},"schema":{"@context":"https:\/\/schema.org","@graph":[{"@type":"Article","@id":"https:\/\/herbanordpol.pl\/de\/blog\/2024\/06\/24\/brasilianischer-yerba-mate-paraguayische-zitronenverna-krautertee\/#article","isPartOf":{"@id":"https:\/\/herbanordpol.pl\/de\/blog\/2024\/06\/24\/brasilianischer-yerba-mate-paraguayische-zitronenverna-krautertee\/"},"author":{"name":"Tomasz Andrzejewski","@id":"https:\/\/herbanordpol.pl\/de\/#\/schema\/person\/683efdb7ed01327eb8a9fb4fef3dc7fe"},"headline":"Brasilianischer Yerba Mate + paraguayische Zitronenverna (Kr\u00e4utertee)","datePublished":"2024-06-24T16:53:38+00:00","dateModified":"2024-12-11T15:53:12+00:00","mainEntityOfPage":{"@id":"https:\/\/herbanordpol.pl\/de\/blog\/2024\/06\/24\/brasilianischer-yerba-mate-paraguayische-zitronenverna-krautertee\/"},"wordCount":32,"image":{"@id":"https:\/\/herbanordpol.pl\/de\/blog\/2024\/06\/24\/brasilianischer-yerba-mate-paraguayische-zitronenverna-krautertee\/#primaryimage"},"thumbnailUrl":"https:\/\/herbanordpol.pl\/de\/wp-content\/uploads\/sites\/3\/2024\/06\/mieszanka-ziolowa-yerba-mate-z-werbena-cytrynowa.jpg","keywords":["Brazylijska yerba mate","Cytrusowy aromat","Herbatka zio\u0142owa","Paragwajska werbena cytrynowa","Produkt naturalny","Wsparcie koncentracji","Yerba mate z werben\u0105"],"articleSection":["Zio\u0142a paczkowane"],"inLanguage":"de"},{"@type":"WebPage","@id":"https:\/\/herbanordpol.pl\/de\/blog\/2024\/06\/24\/brasilianischer-yerba-mate-paraguayische-zitronenverna-krautertee\/","url":"https:\/\/herbanordpol.pl\/de\/blog\/2024\/06\/24\/brasilianischer-yerba-mate-paraguayische-zitronenverna-krautertee\/","name":"Brasilianischer Yerba Mate + paraguayische Zitronenverna (Kr\u00e4utertee) - Herbanordpol","isPartOf":{"@id":"https:\/\/herbanordpol.pl\/de\/#website"},"primaryImageOfPage":{"@id":"https:\/\/herbanordpol.pl\/de\/blog\/2024\/06\/24\/brasilianischer-yerba-mate-paraguayische-zitronenverna-krautertee\/#primaryimage"},"image":{"@id":"https:\/\/herbanordpol.pl\/de\/blog\/2024\/06\/24\/brasilianischer-yerba-mate-paraguayische-zitronenverna-krautertee\/#primaryimage"},"thumbnailUrl":"https:\/\/herbanordpol.pl\/de\/wp-content\/uploads\/sites\/3\/2024\/06\/mieszanka-ziolowa-yerba-mate-z-werbena-cytrynowa.jpg","datePublished":"2024-06-24T16:53:38+00:00","dateModified":"2024-12-11T15:53:12+00:00","author":{"@id":"https:\/\/herbanordpol.pl\/de\/#\/schema\/person\/683efdb7ed01327eb8a9fb4fef3dc7fe"},"breadcrumb":{"@id":"https:\/\/herbanordpol.pl\/de\/blog\/2024\/06\/24\/brasilianischer-yerba-mate-paraguayische-zitronenverna-krautertee\/#breadcrumb"},"inLanguage":"de","potentialAction":[{"@type":"ReadAction","target":["https:\/\/herbanordpol.pl\/de\/blog\/2024\/06\/24\/brasilianischer-yerba-mate-paraguayische-zitronenverna-krautertee\/"]}]},{"@type":"ImageObject","inLanguage":"de","@id":"https:\/\/herbanordpol.pl\/de\/blog\/2024\/06\/24\/brasilianischer-yerba-mate-paraguayische-zitronenverna-krautertee\/#primaryimage","url":"https:\/\/herbanordpol.pl\/de\/wp-content\/uploads\/sites\/3\/2024\/06\/mieszanka-ziolowa-yerba-mate-z-werbena-cytrynowa.jpg","contentUrl":"https:\/\/herbanordpol.pl\/de\/wp-content\/uploads\/sites\/3\/2024\/06\/mieszanka-ziolowa-yerba-mate-z-werbena-cytrynowa.jpg","width":500,"height":384},{"@type":"BreadcrumbList","@id":"https:\/\/herbanordpol.pl\/de\/blog\/2024\/06\/24\/brasilianischer-yerba-mate-paraguayische-zitronenverna-krautertee\/#breadcrumb","itemListElement":[{"@type":"ListItem","position":1,"name":"Strona g\u0142\u00f3wna","item":"https:\/\/herbanordpol.pl\/de\/"},{"@type":"ListItem","position":2,"name":"Brasilianischer Yerba Mate + paraguayische Zitronenverna (Kr\u00e4utertee)"}]},{"@type":"WebSite","@id":"https:\/\/herbanordpol.pl\/de\/#website","url":"https:\/\/herbanordpol.pl\/de\/","name":"Herbanordpol","description":"","potentialAction":[{"@type":"SearchAction","target":{"@type":"EntryPoint","urlTemplate":"https:\/\/herbanordpol.pl\/de\/?s={search_term_string}"},"query-input":{"@type":"PropertyValueSpecification","valueRequired":true,"valueName":"search_term_string"}}],"inLanguage":"de"},{"@type":"Person","@id":"https:\/\/herbanordpol.pl\/de\/#\/schema\/person\/683efdb7ed01327eb8a9fb4fef3dc7fe","name":"Tomasz Andrzejewski","image":{"@type":"ImageObject","inLanguage":"de","@id":"https:\/\/secure.gravatar.com\/avatar\/201a6455fa03d7d2620f7a665167d23ea8490c0541c2b347217473422ffacd52?s=96&d=mm&r=g","url":"https:\/\/secure.gravatar.com\/avatar\/201a6455fa03d7d2620f7a665167d23ea8490c0541c2b347217473422ffacd52?s=96&d=mm&r=g","contentUrl":"https:\/\/secure.gravatar.com\/avatar\/201a6455fa03d7d2620f7a665167d23ea8490c0541c2b347217473422ffacd52?s=96&d=mm&r=g","caption":"Tomasz Andrzejewski"},"url":"https:\/\/herbanordpol.pl\/de\/blog\/author\/tomasz\/"}]}},"_links":{"self":[{"href":"https:\/\/herbanordpol.pl\/de\/wp-json\/wp\/v2\/posts\/799","targetHints":{"allow":["GET"]}}],"collection":[{"href":"https:\/\/herbanordpol.pl\/de\/wp-json\/wp\/v2\/posts"}],"about":[{"href":"https:\/\/herbanordpol.pl\/de\/wp-json\/wp\/v2\/types\/post"}],"author":[{"embeddable":true,"href":"https:\/\/herbanordpol.pl\/de\/wp-json\/wp\/v2\/users\/2"}],"replies":[{"embeddable":true,"href":"https:\/\/herbanordpol.pl\/de\/wp-json\/wp\/v2\/comments?post=799"}],"version-history":[{"count":9,"href":"https:\/\/herbanordpol.pl\/de\/wp-json\/wp\/v2\/posts\/799\/revisions"}],"predecessor-version":[{"id":3671,"href":"https:\/\/herbanordpol.pl\/de\/wp-json\/wp\/v2\/posts\/799\/revisions\/3671"}],"wp:featuredmedia":[{"embeddable":true,"href":"https:\/\/herbanordpol.pl\/de\/wp-json\/wp\/v2\/media\/1245"}],"wp:attachment":[{"href":"https:\/\/herbanordpol.pl\/de\/wp-json\/wp\/v2\/media?parent=799"}],"wp:term":[{"taxonomy":"category","embeddable":true,"href":"https:\/\/herbanordpol.pl\/de\/wp-json\/wp\/v2\/categories?post=799"},{"taxonomy":"post_tag","embeddable":true,"href":"https:\/\/herbanordpol.pl\/de\/wp-json\/wp\/v2\/tags?post=799"}],"curies":[{"name":"wp","href":"https:\/\/api.w.org\/{rel}","templated":true}]}}